{"id":2452,"date":"2017-05-13T12:12:25","date_gmt":"2017-05-13T18:12:25","guid":{"rendered":"http:\/\/tregh.com\/?p=2452"},"modified":"2020-07-18T10:30:27","modified_gmt":"2020-07-18T16:30:27","slug":"guia-mision-vision-valores","status":"publish","type":"post","link":"http:\/\/tregh.com\/index.php\/2017\/05\/13\/guia-mision-vision-valores\/","title":{"rendered":"Gu\u00eda para elaborar la Misi\u00f3n, Visi\u00f3n y Valores"},"content":{"rendered":"<div style=\"text-align: right;\"><strong>M.A. Hirepan Galv\u00e1n Quezada<\/strong><\/div>\n<div style=\"text-align: justify;\">Cuando decides emprender tu propia empresa o probablemente ya la tienes, debes tener siempre presente cual es la Filosof\u00eda Empresarial de tu organizaci\u00f3n, esto es, conocer la MISI\u00d3N, VISI\u00d3N Y VALORES por los cuales la empresa se guiar\u00e1 y trabajar\u00e1 para lograr los objetivos y su raz\u00f3n de ser.<\/div>\n<div style=\"text-align: justify;\"><\/div>\n<div style=\"text-align: justify;\">Es de suma importancia enunciar, desarrollar, plasmar y construir correctamente estos elementos, ya que ayudar\u00e1n a las personas que colaboran en la organizaci\u00f3n como gu\u00eda que les apoyar\u00e1 a saber en d\u00f3nde trabajan, cu\u00e1l es el origen y para que se cre\u00f3 la empresa para la cual laboran, hacia donde van y algo muy importante, cuales son los valores que fundamentan y por los cuales deben de comulgar y vivir dentro y fuera de la organizaci\u00f3n.<\/div>\n<div style=\"text-align: justify;\"><\/div>\n<div>Conozcamos una gu\u00eda que les apoyar\u00e1 a elaborar la Misi\u00f3n, Visi\u00f3n y de su empresa.<\/div>\n<div><\/div>\n<div>Las caracter\u00edsticas que debe tener una <strong>MISI\u00d3N<\/strong> son las siguientes:<\/div>\n<ul>\n<li>Debe ser amplia y concreta, motivadora y posible.<\/li>\n<li>Con la misi\u00f3n conocemos a lo que se dedica la organizaci\u00f3n o empresa en la actualidad y hacia qu\u00e9 negocios o actividades puede encaminar su futuro, por lo tanto tambi\u00e9n debe ir de la mano con la visi\u00f3n y los valores.<\/li>\n<li>Refiere a un motivo o una raz\u00f3n de ser por parte de una organizaci\u00f3n, una empresa o una instituci\u00f3n. Este motivo se enfoca en el presente, es decir, es la actividad que justifica lo que el grupo o el individuo est\u00e1 haciendo y ser\u00e1 su principal actividad.<\/li>\n<li>Por lo general, al declarar la misi\u00f3n debemos hacernos estas preguntas:\n<ul>\n<li>\u00bfQu\u00e9 hacemos?<\/li>\n<li>\u00bfA qu\u00e9 nos dedicamos?<\/li>\n<li>\u00bfCu\u00e1l es nuestra raz\u00f3n de ser?<\/li>\n<li>\u00bfQui\u00e9n nuestro p\u00fablico objetivo?<\/li>\n<li>\u00bfCu\u00e1l es nuestro \u00e1mbito geogr\u00e1fico de actividad?<\/li>\n<li>\u00bfCu\u00e1l es nuestra ventaja competitiva que nos diferencia de otras organizaciones?<\/li>\n<\/ul>\n<\/li>\n<\/ul>\n<div>\n<p>Respecto de la <strong>VISI\u00d3N<\/strong>:<\/p>\n<ul>\n<li>La visi\u00f3n define las metas que pretendemos conseguir en el futuro.<\/li>\n<li>Tiene que ser realista, alcanzable y objetiva.<\/li>\n<li>Tiene que ser inspiradora y motivadora.<\/li>\n<li>Generalmente, nos tiene que responder la mayor\u00eda de las siguientes preguntas:\n<ul>\n<li>\u00bfQu\u00e9 quiero lograr?<\/li>\n<li>\u00bfD\u00f3nde quiero estar en el futuro?<\/li>\n<li>\u00bfPara qui\u00e9n lo har\u00e9?<\/li>\n<li>\u00bfAmpliar\u00e9 en un momento dado mi zona de trabajo?<\/li>\n<\/ul>\n<\/li>\n<\/ul>\n<p>Por \u00faltimo, los <strong>VALORES<\/strong>:<\/p>\n<ul>\n<li>Son principios \u00e9ticos sobre los que se asienta la cultura de nuestra organizaci\u00f3n.<\/li>\n<li>Permiten crear nuestras pautas de comportamiento.<\/li>\n<li>Son la personalidad de nuestra asociaci\u00f3n y no pueden convertirse en una expresi\u00f3n de deseos de los dirigentes, sino que tienen que plasmar la realidad.<\/li>\n<li>No es recomendable formular m\u00e1s de 6-7 valores, ya que podr\u00edamos perder credibilidad.<\/li>\n<li>Al declararlos pudi\u00e9ramos preguntarnos:\n<ul>\n<li>\u00bfC\u00f3mo somos?<\/li>\n<li>\u00bfEn qu\u00e9 creemos?<\/li>\n<\/ul>\n<\/li>\n<\/ul>\n<p style=\"text-align: justify;\">Espero que esta gu\u00eda sirva para construir la Filosof\u00eda Empresarial de tu empresa, y que \u00e9sta sea asertiva, correcta y sobre todo, refleje lo que tu empresa es y ser\u00e1.<\/p>\n<\/div>\n<div style=\"text-align: center;\"><\/div>\n","protected":false},"excerpt":{"rendered":"<p>M.A. Hirepan Galv\u00e1n Quezada Cuando decides emprender tu propia empresa o probablemente ya la tienes, debes tener siempre presente cual es la Filosof\u00eda Empresarial de tu organizaci\u00f3n, esto es, conocer la MISI\u00d3N, VISI\u00d3N Y VALORES por los cuales la empresa se guiar\u00e1 y trabajar\u00e1 para lograr los objetivos y su raz\u00f3n de ser. Es de&#8230; <\/p>\n","protected":false},"author":1,"featured_media":2453,"comment_status":"open","ping_status":"open","sticky":false,"template":"","format":"standard","meta":[],"categories":[10,9],"tags":[],"_links":{"self":[{"href":"http:\/\/tregh.com\/index.php\/wp-json\/wp\/v2\/posts\/2452"}],"collection":[{"href":"http:\/\/tregh.com\/index.php\/wp-json\/wp\/v2\/posts"}],"about":[{"href":"http:\/\/tregh.com\/index.php\/wp-json\/wp\/v2\/types\/post"}],"author":[{"embeddable":true,"href":"http:\/\/tregh.com\/index.php\/wp-json\/wp\/v2\/users\/1"}],"replies":[{"embeddable":true,"href":"http:\/\/tregh.com\/index.php\/wp-json\/wp\/v2\/comments?post=2452"}],"version-history":[{"count":9,"href":"http:\/\/tregh.com\/index.php\/wp-json\/wp\/v2\/posts\/2452\/revisions"}],"predecessor-version":[{"id":2534,"href":"http:\/\/tregh.com\/index.php\/wp-json\/wp\/v2\/posts\/2452\/revisions\/2534"}],"wp:featuredmedia":[{"embeddable":true,"href":"http:\/\/tregh.com\/index.php\/wp-json\/wp\/v2\/media\/2453"}],"wp:attachment":[{"href":"http:\/\/tregh.com\/index.php\/wp-json\/wp\/v2\/media?parent=2452"}],"wp:term":[{"taxonomy":"category","embeddable":true,"href":"http:\/\/tregh.com\/index.php\/wp-json\/wp\/v2\/categories?post=2452"},{"taxonomy":"post_tag","embeddable":true,"href":"http:\/\/tregh.com\/index.php\/wp-json\/wp\/v2\/tags?post=2452"}],"curies":[{"name":"wp","href":"https:\/\/api.w.org\/{rel}","templated":true}]}}